{"id":6255,"date":"2024-12-11T09:10:58","date_gmt":"2024-12-11T08:10:58","guid":{"rendered":"https:\/\/herzog-ludwig-rs.de\/web\/?p=6255"},"modified":"2024-12-11T09:10:58","modified_gmt":"2024-12-11T08:10:58","slug":"maerchenhafter-advent","status":"publish","type":"post","link":"https:\/\/herzog-ludwig-rs.de\/web\/2024\/12\/11\/maerchenhafter-advent\/","title":{"rendered":"M\u00e4rchenhafter Advent"},"content":{"rendered":"\n<p>Unter diesem Motto lesen w\u00e4hrend des Advents Lehrkr\u00e4fte und Sch\u00fcler des Bibliothek-Teams jeden Montag, Mittwoch und Freitag w\u00e4hrend der gro\u00dfen Pause internationale M\u00e4rchen vor. Mit gespitzten Ohren lauschen nicht nur 5.- und 6.-Kl\u00e4ssler, auch gro\u00dfe Kinder bekommen gerne vorgelesen.<\/p>\n","protected":false},"excerpt":{"rendered":"<p>Unter diesem Motto lesen w\u00e4hrend des Advents Lehrkr\u00e4fte und Sch\u00fcler des Bibliothek-Teams jeden Montag, Mittwoch und Freitag w\u00e4hrend der gro\u00dfen Pause internationale M\u00e4rchen vor. Mit gespitzten Ohren lauschen nicht nur 5.- und 6.-Kl\u00e4ssler, auch gro\u00dfe Kinder bekommen gerne vorgelesen.<\/p>\n","protected":false},"author":1,"featured_media":6256,"comment_status":"closed","ping_status":"closed","sticky":false,"template":"","format":"standard","meta":{"inline_featured_image":false,"footnotes":""},"categories":[1],"tags":[],"_links":{"self":[{"href":"https:\/\/herzog-ludwig-rs.de\/web\/wp-json\/wp\/v2\/posts\/6255"}],"collection":[{"href":"https:\/\/herzog-ludwig-rs.de\/web\/wp-json\/wp\/v2\/posts"}],"about":[{"href":"https:\/\/herzog-ludwig-rs.de\/web\/wp-json\/wp\/v2\/types\/post"}],"author":[{"embeddable":true,"href":"https:\/\/herzog-ludwig-rs.de\/web\/wp-json\/wp\/v2\/users\/1"}],"replies":[{"embeddable":true,"href":"https:\/\/herzog-ludwig-rs.de\/web\/wp-json\/wp\/v2\/comments?post=6255"}],"version-history":[{"count":1,"href":"https:\/\/herzog-ludwig-rs.de\/web\/wp-json\/wp\/v2\/posts\/6255\/revisions"}],"predecessor-version":[{"id":6257,"href":"https:\/\/herzog-ludwig-rs.de\/web\/wp-json\/wp\/v2\/posts\/6255\/revisions\/6257"}],"wp:featuredmedia":[{"embeddable":true,"href":"https:\/\/herzog-ludwig-rs.de\/web\/wp-json\/wp\/v2\/media\/6256"}],"wp:attachment":[{"href":"https:\/\/herzog-ludwig-rs.de\/web\/wp-json\/wp\/v2\/media?parent=6255"}],"wp:term":[{"taxonomy":"category","embeddable":true,"href":"https:\/\/herzog-ludwig-rs.de\/web\/wp-json\/wp\/v2\/categories?post=6255"},{"taxonomy":"post_tag","embeddable":true,"href":"https:\/\/herzog-ludwig-rs.de\/web\/wp-json\/wp\/v2\/tags?post=6255"}],"curies":[{"name":"wp","href":"https:\/\/api.w.org\/{rel}","templated":true}]}}