{"id":6041,"date":"2024-11-05T09:35:38","date_gmt":"2024-11-05T08:35:38","guid":{"rendered":"https:\/\/herzog-ludwig-rs.de\/web\/?p=6041"},"modified":"2024-11-05T09:36:46","modified_gmt":"2024-11-05T08:36:46","slug":"schuelersprecher-seminar-der-friedrich-ebert-stiftung-in-bayreuth","status":"publish","type":"post","link":"https:\/\/herzog-ludwig-rs.de\/web\/2024\/11\/05\/schuelersprecher-seminar-der-friedrich-ebert-stiftung-in-bayreuth\/","title":{"rendered":"Sch\u00fclersprecher &#8211; Seminar der Friedrich-Ebert-Stiftung in Bayreuth"},"content":{"rendered":"\n<p>Am Donnerstag, den 16.10.24 machten wir vier Sch\u00fclersprecher (Joshua, Gerg\u00f6, Hanna, Raphael) und die Verbindungslehrerinnen (Anna Guggenberger, Jana Braungardt) uns nach der Schule mit dem Zug auf den Weg Richtung Bayreuth. Mit etwas Versp\u00e4tung und sehr m\u00fcde kamen wir in der Jugendherberge Bayreuth an. Dort gingen wir noch in die Stadt und lie\u00dfen den Abend mit einem Besuch im Winterdorf ausklingen. Am n\u00e4chsten Tag, den 17.10.24, besuchten wir noch etwas verschlafen das Seminar der Friedrich-Ebert-Stiftung. Das Austauschen mit Sch\u00fclersprechern anderer Schulen war aufgrund des komplett unterschiedlich aufgebauten SMV-Systems besonders spannend. Au\u00dferdem lernten wir, wie man Projekte organisiert und plant. Dabei benutzten wir die sogenannte SMART-Methode, wobei man sich zu f\u00fcnf wichtigen Aspekten kurz die relevantesten Ideen zusammenschreibt. Es gab auch immer wieder kurze Pausen, bei denen uns die Cafeteria der Jugendherberge gut versorgte. Insgesamt haben wir in dem Seminar viel dazu gelernt und neue Erfahrungen gesammelt. F\u00fcr uns ging es dann schon etwas fr\u00fcher wieder nach Hause, da wir noch eine lange Zugfahrt vor uns hatten. Sehr sp\u00e4t, aber um viele neue Ideen reicher, kamen wir am Donnerstag Abend wieder zuhause in Alt\u00f6tting an.<br>Joshua, Gerg\u00f6, Hanna und Raphael<br>(Sch\u00fclersprecher)<br><em>Anna Guggenberger, Jana Braungardt<\/em><\/p>\n","protected":false},"excerpt":{"rendered":"<p>Am Donnerstag, den 16.10.24 machten wir vier Sch\u00fclersprecher (Joshua, Gerg\u00f6, Hanna, Raphael) und die Verbindungslehrerinnen (Anna Guggenberger, Jana Braungardt) uns nach der Schule mit dem Zug auf den Weg Richtung Bayreuth. Mit etwas Versp\u00e4tung und sehr m\u00fcde kamen wir in der Jugendherberge Bayreuth an. Dort gingen wir noch in die Stadt und lie\u00dfen den Abend [&hellip;]<\/p>\n","protected":false},"author":1,"featured_media":6042,"comment_status":"closed","ping_status":"closed","sticky":false,"template":"","format":"standard","meta":{"inline_featured_image":false,"footnotes":""},"categories":[1],"tags":[],"_links":{"self":[{"href":"https:\/\/herzog-ludwig-rs.de\/web\/wp-json\/wp\/v2\/posts\/6041"}],"collection":[{"href":"https:\/\/herzog-ludwig-rs.de\/web\/wp-json\/wp\/v2\/posts"}],"about":[{"href":"https:\/\/herzog-ludwig-rs.de\/web\/wp-json\/wp\/v2\/types\/post"}],"author":[{"embeddable":true,"href":"https:\/\/herzog-ludwig-rs.de\/web\/wp-json\/wp\/v2\/users\/1"}],"replies":[{"embeddable":true,"href":"https:\/\/herzog-ludwig-rs.de\/web\/wp-json\/wp\/v2\/comments?post=6041"}],"version-history":[{"count":2,"href":"https:\/\/herzog-ludwig-rs.de\/web\/wp-json\/wp\/v2\/posts\/6041\/revisions"}],"predecessor-version":[{"id":6044,"href":"https:\/\/herzog-ludwig-rs.de\/web\/wp-json\/wp\/v2\/posts\/6041\/revisions\/6044"}],"wp:featuredmedia":[{"embeddable":true,"href":"https:\/\/herzog-ludwig-rs.de\/web\/wp-json\/wp\/v2\/media\/6042"}],"wp:attachment":[{"href":"https:\/\/herzog-ludwig-rs.de\/web\/wp-json\/wp\/v2\/media?parent=6041"}],"wp:term":[{"taxonomy":"category","embeddable":true,"href":"https:\/\/herzog-ludwig-rs.de\/web\/wp-json\/wp\/v2\/categories?post=6041"},{"taxonomy":"post_tag","embeddable":true,"href":"https:\/\/herzog-ludwig-rs.de\/web\/wp-json\/wp\/v2\/tags?post=6041"}],"curies":[{"name":"wp","href":"https:\/\/api.w.org\/{rel}","templated":true}]}}